{"id":2595,"date":"2025-09-30T15:34:36","date_gmt":"2025-09-30T13:34:36","guid":{"rendered":"https:\/\/adoursolaire.fr\/?p=2595"},"modified":"2025-09-30T16:15:37","modified_gmt":"2025-09-30T14:15:37","slug":"clarifier-autonomie-et-autoconsommation","status":"publish","type":"post","link":"https:\/\/adoursolaire.fr\/2025\/09\/30\/clarifier-autonomie-et-autoconsommation\/","title":{"rendered":"Clarifier Autonomie et Autoconsommation"},"content":{"rendered":"\t\t<div data-elementor-type=\"wp-post\" data-elementor-id=\"2595\" class=\"elementor elementor-2595\" data-elementor-post-type=\"post\">\n\t\t\t\t\t\t<section class=\"elementor-section elementor-top-section elementor-element elementor-element-6ad1878 elementor-section-content-middle elementor-section-stretched elementor-section-boxed elementor-section-height-default elementor-section-height-default wpr-particle-no wpr-jarallax-no wpr-parallax-no wpr-sticky-section-no wpr-equal-height-no\" data-id=\"6ad1878\" data-element_type=\"section\" data-e-type=\"section\" data-settings=\"{&quot;stretch_section&quot;:&quot;section-stretched&quot;,&quot;background_background&quot;:&quot;classic&quot;,&quot;shape_divider_bottom&quot;:&quot;mountains&quot;}\">\n\t\t\t\t\t<div class=\"elementor-shape elementor-shape-bottom\" aria-hidden=\"true\" data-negative=\"false\">\n\t\t\t<svg xmlns=\"http:\/\/www.w3.org\/2000\/svg\" viewBox=\"0 0 1000 100\" preserveAspectRatio=\"none\">\n\t<path class=\"elementor-shape-fill\" opacity=\"0.33\" d=\"M473,67.3c-203.9,88.3-263.1-34-320.3,0C66,119.1,0,59.7,0,59.7V0h1000v59.7 c0,0-62.1,26.1-94.9,29.3c-32.8,3.3-62.8-12.3-75.8-22.1C806,49.6,745.3,8.7,694.9,4.7S492.4,59,473,67.3z\"\/>\n\t<path class=\"elementor-shape-fill\" opacity=\"0.66\" d=\"M734,67.3c-45.5,0-77.2-23.2-129.1-39.1c-28.6-8.7-150.3-10.1-254,39.1 s-91.7-34.4-149.2,0C115.7,118.3,0,39.8,0,39.8V0h1000v36.5c0,0-28.2-18.5-92.1-18.5C810.2,18.1,775.7,67.3,734,67.3z\"\/>\n\t<path class=\"elementor-shape-fill\" d=\"M766.1,28.9c-200-57.5-266,65.5-395.1,19.5C242,1.8,242,5.4,184.8,20.6C128,35.8,132.3,44.9,89.9,52.5C28.6,63.7,0,0,0,0 h1000c0,0-9.9,40.9-83.6,48.1S829.6,47,766.1,28.9z\"\/>\n<\/svg>\t\t<\/div>\n\t\t\t\t\t<div class=\"elementor-container elementor-column-gap-default\">\n\t\t\t\t\t<div class=\"elementor-column elementor-col-100 elementor-top-column elementor-element elementor-element-f64ed85\" data-id=\"f64ed85\" data-element_type=\"column\" data-e-type=\"column\">\n\t\t\t<div class=\"elementor-widget-wrap elementor-element-populated\">\n\t\t\t\t\t\t<div class=\"elementor-element elementor-element-e07242f elementor-invisible elementor-widget elementor-widget-heading\" data-id=\"e07242f\" data-element_type=\"widget\" data-e-type=\"widget\" data-settings=\"{&quot;_animation&quot;:&quot;fadeInDown&quot;}\" data-widget_type=\"heading.default\">\n\t\t\t\t<div class=\"elementor-widget-container\">\n\t\t\t\t\t<h1 class=\"elementor-heading-title elementor-size-default\">Clarifier Autonomie et Autoconsommation  <\/h1>\t\t\t\t<\/div>\n\t\t\t\t<\/div>\n\t\t\t\t<div class=\"elementor-element elementor-element-d41eb18 elementor-widget-divider--view-line elementor-widget elementor-widget-divider\" data-id=\"d41eb18\" data-element_type=\"widget\" data-e-type=\"widget\" data-widget_type=\"divider.default\">\n\t\t\t\t<div class=\"elementor-widget-container\">\n\t\t\t\t\t\t\t<div class=\"elementor-divider\">\n\t\t\t<span class=\"elementor-divider-separator\">\n\t\t\t\t\t\t<\/span>\n\t\t<\/div>\n\t\t\t\t\t\t<\/div>\n\t\t\t\t<\/div>\n\t\t\t\t<div class=\"elementor-element elementor-element-e20993a elementor-widget elementor-widget-text-editor\" data-id=\"e20993a\" data-element_type=\"widget\" data-e-type=\"widget\" data-widget_type=\"text-editor.default\">\n\t\t\t\t<div class=\"elementor-widget-container\">\n\t\t\t\t\t\t\t\t\t<p class=\"p1\"><text opacity=\"0.5\" transform-origin=\"72.55000305175781 -620.4373779296875\" data-testid=\"page-0-line-2\" class=\"_o572qvpr\"><tspan lengthadjust=\"spacingAndGlyphs\" x=\"72.55000305175781\" y=\"-620.4373779296875\" height=\"0.75\" textlength=\"26.948204040527344\">Chez <\/tspan><tspan lengthadjust=\"spacingAndGlyphs\" x=\"100.7149429321289\" y=\"-620.4373779296875\" height=\"0.75\" textlength=\"71.66748809814453\">Adour Solaire<\/tspan><tspan lengthadjust=\"spacingAndGlyphs\" x=\"173.69976806640625\" y=\"-620.4373779296875\" height=\"0.75\" textlength=\"194.2269287109375\">, installateurs photovolta\u00efques bas\u00e9s au <\/tspan><tspan lengthadjust=\"spacingAndGlyphs\" x=\"369.7423400878906\" y=\"-620.4373779296875\" height=\"0.75\" textlength=\"111.82574462890625\">Pays Basque pr\u00e8s de <\/tspan><\/text><text opacity=\"0.5\" transform-origin=\"72.8030014038086 -605.89111328125\" data-testid=\"page-0-line-3\" class=\"_o572qvpr\"><tspan lengthadjust=\"spacingAndGlyphs\" x=\"72.8030014038086\" y=\"-605.89111328125\" height=\"0.75\" textlength=\"45.214263916015625\">Bayonne<\/tspan><tspan lengthadjust=\"spacingAndGlyphs\" x=\"119.33460235595703\" y=\"-605.89111328125\" height=\"0.75\" textlength=\"382.58406829833984\">, nous recevons r\u00e9guli\u00e8rement la m\u00eame interrogation de la part de nos clients : <\/tspan><\/text><text opacity=\"0.5\" transform-origin=\"72.50599670410156 -591.3448486328125\" data-testid=\"page-0-line-4\" class=\"_o572qvpr\"><tspan lengthadjust=\"spacingAndGlyphs\" x=\"72.50599670410156\" y=\"-591.3448486328125\" height=\"0.75\" textlength=\"2.8820037841796875\">\u00ab\u00a0<\/tspan><tspan lengthadjust=\"spacingAndGlyphs\" x=\"76.6830062866211\" y=\"-591.3448486328125\" height=\"0.75\" textlength=\"334.7723159790039\">Mon installation solaire me rendra-t-elle autonome en \u00e9lectricit\u00e9 <\/tspan><tspan lengthadjust=\"spacingAndGlyphs\" x=\"412.9519958496094\" y=\"-591.3448486328125\" height=\"0.75\" textlength=\"102.19705200195312\">?\u00a0\u00bb Cette question est <\/tspan><\/text><text opacity=\"0.5\" transform-origin=\"72.197998046875 -576.798583984375\" data-testid=\"page-0-line-5\" class=\"_o572qvpr\"><tspan lengthadjust=\"spacingAndGlyphs\" x=\"72.197998046875\" y=\"-576.798583984375\" height=\"0.75\" textlength=\"406.9957580566406\">tout \u00e0 fait l\u00e9gitime, dans un contexte de hausses des tarifs EDF et d&rsquo;incertitudes sur <\/tspan><\/text><text opacity=\"0.5\" transform-origin=\"72.7040023803711 -562.2523193359375\" data-testid=\"page-0-line-6\" class=\"_o572qvpr\"><tspan lengthadjust=\"spacingAndGlyphs\" x=\"72.7040023803711\" y=\"-562.2523193359375\" height=\"0.75\" textlength=\"431.59973907470703\">l&rsquo;approvisionnement \u00e9nerg\u00e9tique. Pourtant, elle r\u00e9v\u00e8le souvent une confusion entre deux <\/tspan><\/text><text opacity=\"0.5\" transform-origin=\"72.72599792480469 -547.7060546875\" data-testid=\"page-0-line-7\" class=\"_o572qvpr\"><tspan lengthadjust=\"spacingAndGlyphs\" x=\"72.72599792480469\" y=\"-547.7060546875\" height=\"0.75\" textlength=\"102.32539367675781\">notions essentielles : <\/tspan><tspan lengthadjust=\"spacingAndGlyphs\" x=\"177.88870239257812\" y=\"-547.7060546875\" height=\"0.75\" textlength=\"144.31411743164062\">l&rsquo;autonomie photovolta\u00efque <\/tspan><tspan lengthadjust=\"spacingAndGlyphs\" x=\"323.62249755859375\" y=\"-547.7060546875\" height=\"0.75\" textlength=\"9.76898193359375\">et <\/tspan><tspan lengthadjust=\"spacingAndGlyphs\" x=\"336.2287902832031\" y=\"-547.7060546875\" height=\"0.75\" textlength=\"144.34283447265625\">l&rsquo;autoconsommation solaire<\/tspan><tspan lengthadjust=\"spacingAndGlyphs\" x=\"481.9769592285156\" y=\"-547.7060546875\" height=\"0.75\" textlength=\"32.605133056640625\">. Dans <\/tspan><\/text><text opacity=\"0.5\" transform-origin=\"72.42900085449219 -533.1597900390625\" data-testid=\"page-0-line-8\" class=\"_o572qvpr\"><tspan lengthadjust=\"spacingAndGlyphs\" x=\"72.42900085449219\" y=\"-533.1597900390625\" height=\"0.75\" textlength=\"434.0324249267578\">cet article, nous vous expliquons ces diff\u00e9rences, en nous appuyant sur notre exp\u00e9rience <\/tspan><\/text><text opacity=\"0.5\" transform-origin=\"72.197998046875 -518.613525390625\" data-testid=\"page-0-line-9\" class=\"_o572qvpr\"><tspan lengthadjust=\"spacingAndGlyphs\" x=\"72.197998046875\" y=\"-518.613525390625\" height=\"0.75\" textlength=\"35.021728515625\">terrain. <\/tspan><\/text><\/p>\t\t\t\t\t\t\t\t<\/div>\n\t\t\t\t<\/div>\n\t\t\t\t\t<\/div>\n\t\t<\/div>\n\t\t\t\t\t<\/div>\n\t\t<\/section>\n\t\t\t\t<section class=\"elementor-section elementor-top-section elementor-element elementor-element-b59cb59 elementor-section-content-middle elementor-section-stretched elementor-section-boxed elementor-section-height-default elementor-section-height-default wpr-particle-no wpr-jarallax-no wpr-parallax-no wpr-sticky-section-no wpr-equal-height-no\" data-id=\"b59cb59\" data-element_type=\"section\" data-e-type=\"section\" data-settings=\"{&quot;stretch_section&quot;:&quot;section-stretched&quot;}\">\n\t\t\t\t\t\t<div class=\"elementor-container elementor-column-gap-default\">\n\t\t\t\t\t<div class=\"elementor-column elementor-col-50 elementor-top-column elementor-element elementor-element-22126e1\" data-id=\"22126e1\" data-element_type=\"column\" data-e-type=\"column\">\n\t\t\t<div class=\"elementor-widget-wrap elementor-element-populated\">\n\t\t\t\t\t\t<div class=\"elementor-element elementor-element-94cfd80 elementor-widget elementor-widget-text-editor\" data-id=\"94cfd80\" data-element_type=\"widget\" data-e-type=\"widget\" data-widget_type=\"text-editor.default\">\n\t\t\t\t<div class=\"elementor-widget-container\">\n\t\t\t\t\t\t\t\t\t<div class=\"wp-block-button\"><strong><a class=\"wp-block-button__link\" href=\"https:\/\/adoursolaire.fr\/actualites\/\">Retour<\/a><\/strong><\/div><p><!-- \/wp:button --><\/p>\t\t\t\t\t\t\t\t<\/div>\n\t\t\t\t<\/div>\n\t\t\t\t\t<\/div>\n\t\t<\/div>\n\t\t\t\t<div class=\"elementor-column elementor-col-50 elementor-top-column elementor-element elementor-element-a0422fb\" data-id=\"a0422fb\" data-element_type=\"column\" data-e-type=\"column\">\n\t\t\t<div class=\"elementor-widget-wrap elementor-element-populated\">\n\t\t\t\t\t\t<div class=\"elementor-element elementor-element-4db2c60 elementor-widget elementor-widget-heading\" data-id=\"4db2c60\" data-element_type=\"widget\" data-e-type=\"widget\" data-widget_type=\"heading.default\">\n\t\t\t\t<div class=\"elementor-widget-container\">\n\t\t\t\t\t<h2 class=\"elementor-heading-title elementor-size-default\">Partie 1 : L'Autonomie Totale en \u00c9lectricit\u00e9 Solaire, un Objectif Ambitieux et Exigeant  <\/h2>\t\t\t\t<\/div>\n\t\t\t\t<\/div>\n\t\t\t\t<div class=\"elementor-element elementor-element-31bb55b elementor-widget-divider--view-line elementor-widget elementor-widget-divider\" data-id=\"31bb55b\" data-element_type=\"widget\" data-e-type=\"widget\" data-widget_type=\"divider.default\">\n\t\t\t\t<div class=\"elementor-widget-container\">\n\t\t\t\t\t\t\t<div class=\"elementor-divider\">\n\t\t\t<span class=\"elementor-divider-separator\">\n\t\t\t\t\t\t<\/span>\n\t\t<\/div>\n\t\t\t\t\t\t<\/div>\n\t\t\t\t<\/div>\n\t\t\t\t<div class=\"elementor-element elementor-element-3f4650f elementor-widget elementor-widget-text-editor\" data-id=\"3f4650f\" data-element_type=\"widget\" data-e-type=\"widget\" data-widget_type=\"text-editor.default\">\n\t\t\t\t<div class=\"elementor-widget-container\">\n\t\t\t\t\t\t\t\t\t<p class=\"p1\">L&rsquo;autonomie photovolta\u00efque consiste \u00e0 se d\u00e9connecter enti\u00e8rement du r\u00e9seau \u00e9lectrique, pour que votre logement fonctionne de mani\u00e8re ind\u00e9pendante, sans recours \u00e0 EDF. Sur le principe, cela est attractif pour devenir autonome en \u00e9nergie solaire, mais en pratique, cela repr\u00e9sente un d\u00e9fi majeur, particuli\u00e8rement dans notre r\u00e9gion o\u00f9 l&rsquo;ensoleillement est faible l\u2019hiver de novembre \u00e0 mars. Pour atteindre cet objectif, il est n\u00e9cessaire d&rsquo;installer au minimum 30 panneaux solaires, soit une puissance d&rsquo;environ 12-15 kWc, associ\u00e9e \u00e0 des batteries solaires d&rsquo;une capacit\u00e9 d&rsquo;au moins 20 kWh. M\u00eame avec une telle configuration, les maisons \u00e0 forte consommation \u2013 comme celles \u00e9quip\u00e9es de pompes \u00e0 chaleur actives en hiver \u2013 peuvent rapidement \u00e9puiser les r\u00e9serves, surtout lors des p\u00e9riodes pluvieuses typiques du Pays Basque. Pour se pr\u00e9munir des coupures d&rsquo;\u00e9lectricit\u00e9, l&rsquo;autonomie \u00e9lectrique solaire impose une intervention technique pr\u00e9cise sur le tableau \u00e9lectrique. Nous installons un coffret d\u00e9di\u00e9 qui redirige les circuits prioritaires : les essentiels tels que l&rsquo;\u00e9clairage, le r\u00e9frig\u00e9rateur ou la pompe de circulation sont aliment\u00e9s par les batteries de stockage solaire, tandis que les consommateurs intensifs, comme les plaques de cuisson \u00e0 induction ou les fours, sont exclus. Cette mesure pr\u00e9vient les surcharges qui pourraient d\u00e9passer la capacit\u00e9 de d\u00e9charge des batteries et d\u00e9clencher leur mode de s\u00e9curit\u00e9. En somme, l&rsquo;autonomie totale photovolta\u00efque est r\u00e9alisable, mais elle requiert un investissement substantiel et une analyse approfondie de vos besoins \u00e9nerg\u00e9tiques.<\/p>\t\t\t\t\t\t\t\t<\/div>\n\t\t\t\t<\/div>\n\t\t\t\t\t<\/div>\n\t\t<\/div>\n\t\t\t\t\t<\/div>\n\t\t<\/section>\n\t\t\t\t<section class=\"elementor-section elementor-top-section elementor-element elementor-element-fd3a92d elementor-section-content-middle elementor-section-stretched elementor-section-boxed elementor-section-height-default elementor-section-height-default wpr-particle-no wpr-jarallax-no wpr-parallax-no wpr-sticky-section-no wpr-equal-height-no\" data-id=\"fd3a92d\" data-element_type=\"section\" data-e-type=\"section\" data-settings=\"{&quot;stretch_section&quot;:&quot;section-stretched&quot;}\">\n\t\t\t\t\t\t<div class=\"elementor-container elementor-column-gap-default\">\n\t\t\t\t\t<div class=\"elementor-column elementor-col-50 elementor-top-column elementor-element elementor-element-09a0fab\" data-id=\"09a0fab\" data-element_type=\"column\" data-e-type=\"column\">\n\t\t\t<div class=\"elementor-widget-wrap elementor-element-populated\">\n\t\t\t\t\t\t<div class=\"elementor-element elementor-element-73d3db0 elementor-widget elementor-widget-heading\" data-id=\"73d3db0\" data-element_type=\"widget\" data-e-type=\"widget\" data-widget_type=\"heading.default\">\n\t\t\t\t<div class=\"elementor-widget-container\">\n\t\t\t\t\t<h2 class=\"elementor-heading-title elementor-size-default\">Partie 2 : L'Autoconsommation Solaire, une Strat\u00e9gie Optimis\u00e9e et Accessible pour R\u00e9duire Vos Factures<\/h2>\t\t\t\t<\/div>\n\t\t\t\t<\/div>\n\t\t\t\t<div class=\"elementor-element elementor-element-8841e3e elementor-widget-divider--view-line elementor-widget elementor-widget-divider\" data-id=\"8841e3e\" data-element_type=\"widget\" data-e-type=\"widget\" data-widget_type=\"divider.default\">\n\t\t\t\t<div class=\"elementor-widget-container\">\n\t\t\t\t\t\t\t<div class=\"elementor-divider\">\n\t\t\t<span class=\"elementor-divider-separator\">\n\t\t\t\t\t\t<\/span>\n\t\t<\/div>\n\t\t\t\t\t\t<\/div>\n\t\t\t\t<\/div>\n\t\t\t\t<div class=\"elementor-element elementor-element-2bb5f36 elementor-widget elementor-widget-text-editor\" data-id=\"2bb5f36\" data-element_type=\"widget\" data-e-type=\"widget\" data-widget_type=\"text-editor.default\">\n\t\t\t\t<div class=\"elementor-widget-container\">\n\t\t\t\t\t\t\t\t\t<p>\u00c0 l&rsquo;inverse, <strong>l&rsquo;autoconsommation photovolta\u00efque <\/strong>vise \u00e0 utiliser directement l&rsquo;\u00e9lectricit\u00e9 produite par vos panneaux solaires, sans chercher l&rsquo;ind\u00e9pendance compl\u00e8te. L&rsquo;approche repose sur l&rsquo;ajustement de vos habitudes de consommation pour les aligner sur les pics de production solaire \u2013 par exemple, programmer les lave-linge ou les charges de v\u00e9hicules \u00e9lectriques en milieu de journ\u00e9e. Cette m\u00e9thode est plus pragmatique et rentable pour la majorit\u00e9 des foyers au <strong>Pays Basque<\/strong>. L&rsquo;ajout de <strong>batteries <\/strong>renforce consid\u00e9rablement les taux d&rsquo;autoconsommation : les exc\u00e9dents ne sont plus inject\u00e9s sur le r\u00e9seau, o\u00f9 ils sont valoris\u00e9s \u00e0 seulement 4 centimes le kWh (un faible retour pour l&rsquo;amortissement), mais stock\u00e9s pour une utilisation ult\u00e9rieure, comme le soir ou par temps couvert.<\/p><p>Il est toutefois impossible de pr\u00e9dire avec pr\u00e9cision <strong>l&rsquo;autonomie journali\u00e8re en autoconsommation solaire <\/strong>sans \u00e9tude, car cela d\u00e9pend de votre consommation, de la m\u00e9t\u00e9o et de la dimension de l&rsquo;installation. Mais m\u00eame les \u00e9tudes les plus d\u00e9taill\u00e9es restent sujettes \u00e0 un delta d&rsquo;erreur d&rsquo;au moins 10-15 %, qui peut \u00eatre positif pour le client (tant mieux dans ce cas) ou n\u00e9gatif. De plus, une telle \u00e9tude ne permet pas d&rsquo;anticiper les \u00e9volutions futures de votre consommation \u00e9lectrique, mais offre seulement une estimation bas\u00e9e sur vos usages actuels, qui sont pourtant susceptibles de changer. Voici toutefois des indicateurs issus de nos observations chez <strong>Adour Solaire (installations sans batteries) <\/strong>:<\/p><ul><li>Avec moins de 6 kWc (entre 6 et 12 panneaux solaires), l&rsquo;hiver pluvieux limite l&rsquo;<strong>autoproduction solaire <\/strong>\u00e0 15-20% des besoins.<\/li><li>Pour une r\u00e9duction notable m\u00eame en conditions d\u00e9favorables, nous recommandons au moins 8-10 kWc, permettant d&rsquo;atteindre 40% ou plus d&rsquo;<strong>autoconsommation hivernale<\/strong>. Cela repr\u00e9sente entre 16 et 20 panneaux minimum.<\/li><li>A l\u2019inverse, en \u00e9t\u00e9 et durant les intersaisons, 6 kWc suffisent g\u00e9n\u00e9ralement pour couvrir les besoins de la plupart des maisons, avec un ensoleillement g\u00e9n\u00e9reux du Sud-Ouest favorisant des taux de 80-90%.<\/li><\/ul><p>Bien s\u00fbr, quel que soit le nombre de panneaux sur le toit, une journ\u00e9e ensoleill\u00e9e vous assurera une production entre 85% et 100% de la puissance maximale install\u00e9e, hiver comme \u00e9t\u00e9. D\u2019o\u00f9 l\u2019int\u00e9r\u00eat d\u2019ajouter des batteries pour compenser les phases nuageuses, ou simplement la consommation nocturne.<\/p>\t\t\t\t\t\t\t\t<\/div>\n\t\t\t\t<\/div>\n\t\t\t\t\t<\/div>\n\t\t<\/div>\n\t\t\t\t<div class=\"elementor-column elementor-col-50 elementor-top-column elementor-element elementor-element-1ad9495\" data-id=\"1ad9495\" data-element_type=\"column\" data-e-type=\"column\">\n\t\t\t<div class=\"elementor-widget-wrap elementor-element-populated\">\n\t\t\t\t\t\t\t<\/div>\n\t\t<\/div>\n\t\t\t\t\t<\/div>\n\t\t<\/section>\n\t\t\t\t<section class=\"elementor-section elementor-top-section elementor-element elementor-element-48d1d33 elementor-section-content-middle elementor-section-stretched elementor-section-boxed elementor-section-height-default elementor-section-height-default wpr-particle-no wpr-jarallax-no wpr-parallax-no wpr-sticky-section-no wpr-equal-height-no\" data-id=\"48d1d33\" data-element_type=\"section\" data-e-type=\"section\" data-settings=\"{&quot;stretch_section&quot;:&quot;section-stretched&quot;}\">\n\t\t\t\t\t\t<div class=\"elementor-container elementor-column-gap-default\">\n\t\t\t\t\t<div class=\"elementor-column elementor-col-50 elementor-top-column elementor-element elementor-element-229e212\" data-id=\"229e212\" data-element_type=\"column\" data-e-type=\"column\">\n\t\t\t<div class=\"elementor-widget-wrap elementor-element-populated\">\n\t\t\t\t\t\t\t<\/div>\n\t\t<\/div>\n\t\t\t\t<div class=\"elementor-column elementor-col-50 elementor-top-column elementor-element elementor-element-ed18184\" data-id=\"ed18184\" data-element_type=\"column\" data-e-type=\"column\">\n\t\t\t<div class=\"elementor-widget-wrap elementor-element-populated\">\n\t\t\t\t\t\t<div class=\"elementor-element elementor-element-cd633e2 elementor-widget elementor-widget-heading\" data-id=\"cd633e2\" data-element_type=\"widget\" data-e-type=\"widget\" data-widget_type=\"heading.default\">\n\t\t\t\t<div class=\"elementor-widget-container\">\n\t\t\t\t\t<h2 class=\"elementor-heading-title elementor-size-default\">Partie 3 : Les Tendances Actuelles en Installation Photovolta\u00efque et la Rentabilit\u00e9 Maintenue au Pays Basque<\/h2>\t\t\t\t<\/div>\n\t\t\t\t<\/div>\n\t\t\t\t<div class=\"elementor-element elementor-element-aa874f1 elementor-widget-divider--view-line elementor-widget elementor-widget-divider\" data-id=\"aa874f1\" data-element_type=\"widget\" data-e-type=\"widget\" data-widget_type=\"divider.default\">\n\t\t\t\t<div class=\"elementor-widget-container\">\n\t\t\t\t\t\t\t<div class=\"elementor-divider\">\n\t\t\t<span class=\"elementor-divider-separator\">\n\t\t\t\t\t\t<\/span>\n\t\t<\/div>\n\t\t\t\t\t\t<\/div>\n\t\t\t\t<\/div>\n\t\t\t\t<div class=\"elementor-element elementor-element-6f1bea1 elementor-widget elementor-widget-text-editor\" data-id=\"6f1bea1\" data-element_type=\"widget\" data-e-type=\"widget\" data-widget_type=\"text-editor.default\">\n\t\t\t\t<div class=\"elementor-widget-container\">\n\t\t\t\t\t\t\t\t\t<p>Aujourd&rsquo;hui, face \u00e0 la baisse du tarif de rachat du kWh exc\u00e9dentaire et au resserrement des aides publiques, la tendance se tourne vers des <strong>installations solaires de grande envergure<\/strong>, souvent coupl\u00e9es \u00e0 des <strong>batteries de stockage<\/strong>. Le co\u00fbt initial est plus \u00e9lev\u00e9 \u2013 de l&rsquo;ordre de 10 000 \u00e0 20 000 euros en fonction de la puissance \u2013, mais les augmentations des tarifs EDF compensent cela, pr\u00e9servant une dur\u00e9e d&rsquo;amortissement comparable \u00e0 celle d&rsquo;il y a trois ans, \u00e9poque o\u00f9 les incitations \u00e9taient plus attractives. Nous conseillons fr\u00e9quemment cette orientation : elle optimise <strong>l&rsquo;autoconsommation avec batteries<\/strong>, all\u00e8ge les factures et anticipe des usages futurs comme la mobilit\u00e9 \u00e9lectrique.<\/p><p>En conclusion, qu&rsquo;il s&rsquo;agisse d&rsquo;<strong>autonomie photovolta\u00efque <\/strong>ou d&rsquo;<strong>autoconsommation solaire<\/strong>, l&rsquo;essentiel est d&rsquo;adapter l&rsquo;installation \u00e0 vos contraintes r\u00e9elles. Ce qui est certain, c&rsquo;est qu&rsquo;une grosse installation avec batteries, \u00e0 un prix comp\u00e9titif, vous assure de ne pas vous tromper. Si vous \u00eates install\u00e9 pr\u00e8s de Bayonne et souhaitez en discuter, contactez <strong>Adour Solaire <\/strong>pour une \u00e9tude personnalis\u00e9e gratuite. Nous serons ravis de vous accompagner avec des exemples concrets adapt\u00e9s \u00e0 votre situation.<\/p>\t\t\t\t\t\t\t\t<\/div>\n\t\t\t\t<\/div>\n\t\t\t\t\t<\/div>\n\t\t<\/div>\n\t\t\t\t\t<\/div>\n\t\t<\/section>\n\t\t\t\t<section class=\"elementor-section elementor-top-section elementor-element elementor-element-e6fae59 elementor-section-stretched elementor-section-boxed elementor-section-height-default elementor-section-height-default wpr-particle-no wpr-jarallax-no wpr-parallax-no wpr-sticky-section-no wpr-equal-height-no\" data-id=\"e6fae59\" data-element_type=\"section\" data-e-type=\"section\" data-settings=\"{&quot;stretch_section&quot;:&quot;section-stretched&quot;,&quot;background_background&quot;:&quot;classic&quot;,&quot;shape_divider_top&quot;:&quot;mountains&quot;}\">\n\t\t\t\t\t<div class=\"elementor-shape elementor-shape-top\" aria-hidden=\"true\" data-negative=\"false\">\n\t\t\t<svg xmlns=\"http:\/\/www.w3.org\/2000\/svg\" viewBox=\"0 0 1000 100\" preserveAspectRatio=\"none\">\n\t<path class=\"elementor-shape-fill\" opacity=\"0.33\" d=\"M473,67.3c-203.9,88.3-263.1-34-320.3,0C66,119.1,0,59.7,0,59.7V0h1000v59.7 c0,0-62.1,26.1-94.9,29.3c-32.8,3.3-62.8-12.3-75.8-22.1C806,49.6,745.3,8.7,694.9,4.7S492.4,59,473,67.3z\"\/>\n\t<path class=\"elementor-shape-fill\" opacity=\"0.66\" d=\"M734,67.3c-45.5,0-77.2-23.2-129.1-39.1c-28.6-8.7-150.3-10.1-254,39.1 s-91.7-34.4-149.2,0C115.7,118.3,0,39.8,0,39.8V0h1000v36.5c0,0-28.2-18.5-92.1-18.5C810.2,18.1,775.7,67.3,734,67.3z\"\/>\n\t<path class=\"elementor-shape-fill\" d=\"M766.1,28.9c-200-57.5-266,65.5-395.1,19.5C242,1.8,242,5.4,184.8,20.6C128,35.8,132.3,44.9,89.9,52.5C28.6,63.7,0,0,0,0 h1000c0,0-9.9,40.9-83.6,48.1S829.6,47,766.1,28.9z\"\/>\n<\/svg>\t\t<\/div>\n\t\t\t\t\t<div class=\"elementor-container elementor-column-gap-default\">\n\t\t\t\t\t<div class=\"elementor-column elementor-col-100 elementor-top-column elementor-element elementor-element-92d212f\" data-id=\"92d212f\" data-element_type=\"column\" data-e-type=\"column\">\n\t\t\t<div class=\"elementor-widget-wrap elementor-element-populated\">\n\t\t\t\t\t\t<div class=\"elementor-element elementor-element-32ca2e8 elementor-widget elementor-widget-heading\" data-id=\"32ca2e8\" data-element_type=\"widget\" data-e-type=\"widget\" data-widget_type=\"heading.default\">\n\t\t\t\t<div class=\"elementor-widget-container\">\n\t\t\t\t\t<span class=\"elementor-heading-title elementor-size-default\">FAQ : Questions Fr\u00e9quentes sur l'Autonomie et Autoconsommation Solaire<\/span>\t\t\t\t<\/div>\n\t\t\t\t<\/div>\n\t\t\t\t<div class=\"elementor-element elementor-element-45065dc elementor-widget-divider--view-line elementor-widget elementor-widget-divider\" data-id=\"45065dc\" data-element_type=\"widget\" data-e-type=\"widget\" data-widget_type=\"divider.default\">\n\t\t\t\t<div class=\"elementor-widget-container\">\n\t\t\t\t\t\t\t<div class=\"elementor-divider\">\n\t\t\t<span class=\"elementor-divider-separator\">\n\t\t\t\t\t\t<\/span>\n\t\t<\/div>\n\t\t\t\t\t\t<\/div>\n\t\t\t\t<\/div>\n\t\t\t\t<div class=\"elementor-element elementor-element-dbbb14d wpr-advanced-accordion-icon-no-box elementor-widget elementor-widget-wpr-advanced-accordion\" data-id=\"dbbb14d\" data-element_type=\"widget\" data-e-type=\"widget\" data-settings=\"{&quot;active_item&quot;:1}\" data-widget_type=\"wpr-advanced-accordion.default\">\n\t\t\t\t<div class=\"elementor-widget-container\">\n\t\t\t\t\t\n            <div class=\"wpr-advanced-accordion\" data-accordion-type=\"accordion\" data-active-index=\"1\" data-accordion-trigger=\"click\" data-interaction-speed=\"0.4\">\n\n\t\t\t\n                \n\t\t\t\t\t<div class=\"wpr-accordion-item-wrap\">\n\t\t\t\t\t\t<button class=\"wpr-acc-button\">\n\t\t\t\t\t\t\t<span class=\"wpr-acc-item-title\">\n\t\t\t\t\t\t\t\t\t\t\t\t<span class=\"wpr-title-icon\">\n\t\t\t\t\t<i aria-hidden=\"true\" class=\"fas fa-angle-double-right\"><\/i>\t\t\t\t<\/span>\n\t\t\t\n\t\t\t\t\t\t\t\t<span class=\"wpr-acc-title-text\">Quelle est la diff\u00e9rence entre autonomie et autoconsommation photovolta\u00efque ? <\/span>\n\t\t\t\t\t\t\t<\/span>\n\t\t\t\t\t\t\t\t\t\t\t<span class=\"wpr-toggle-icon wpr-ti-close\"><i aria-hidden=\"true\" class=\"fas fa-plus\"><\/i><\/span>\n\t\t\t\t<span class=\"wpr-toggle-icon wpr-ti-open\"><i aria-hidden=\"true\" class=\"fas fa-minus\"><\/i><\/span>\n\t\t\t\t\t\t\t\t\t<\/button>\n\n\t\t\t\t\t\t<div class=\"wpr-acc-panel\">\n\t\t\t\t\t\t\t\t\t\t\t\t\t\t\t<div class=\"wpr-acc-panel-content\"><p>L'autonomie vise l'ind\u00e9pendance totale, tandis que l'autoconsommation optimise la consommation directe de votre production solaire.<\/p><p><\/p><\/div>\n\t\t\t\t\t\t\t\t\t\t\t\t\t<\/div>\n                    <\/div>\n\n                \n\t\t\t\t\t<div class=\"wpr-accordion-item-wrap\">\n\t\t\t\t\t\t<button class=\"wpr-acc-button\">\n\t\t\t\t\t\t\t<span class=\"wpr-acc-item-title\">\n\t\t\t\t\t\t\t\t\t\t\t\t<span class=\"wpr-title-icon\">\n\t\t\t\t\t<i aria-hidden=\"true\" class=\"fas fa-angle-double-right\"><\/i>\t\t\t\t<\/span>\n\t\t\t\n\t\t\t\t\t\t\t\t<span class=\"wpr-acc-title-text\">Combien co\u00fbte une installation solaire avec batteries \u00e0 Bayonne ?<\/span>\n\t\t\t\t\t\t\t<\/span>\n\t\t\t\t\t\t\t\t\t\t\t<span class=\"wpr-toggle-icon wpr-ti-close\"><i aria-hidden=\"true\" class=\"fas fa-plus\"><\/i><\/span>\n\t\t\t\t<span class=\"wpr-toggle-icon wpr-ti-open\"><i aria-hidden=\"true\" class=\"fas fa-minus\"><\/i><\/span>\n\t\t\t\t\t\t\t\t\t<\/button>\n\n\t\t\t\t\t\t<div class=\"wpr-acc-panel\">\n\t\t\t\t\t\t\t\t\t\t\t\t\t\t\t<div class=\"wpr-acc-panel-content\"><p>Entre <strong>10 000 \u20ac<\/strong> pour les installations autour de 6 kWc, et <strong>20 000 \u20ac<\/strong> pour celles autour de 12 kWc, amorti en 7-9 ans gr\u00e2ce aux \u00e9conomies EDF.<\/p><\/div>\n\t\t\t\t\t\t\t\t\t\t\t\t\t<\/div>\n                    <\/div>\n\n                \n\t\t\t\t\t<div class=\"wpr-accordion-item-wrap\">\n\t\t\t\t\t\t<button class=\"wpr-acc-button\">\n\t\t\t\t\t\t\t<span class=\"wpr-acc-item-title\">\n\t\t\t\t\t\t\t\t\t\t\t\t<span class=\"wpr-title-icon\">\n\t\t\t\t\t<i aria-hidden=\"true\" class=\"fas fa-angle-double-right\"><\/i>\t\t\t\t<\/span>\n\t\t\t\n\t\t\t\t\t\t\t\t<span class=\"wpr-acc-title-text\">Les aides pour panneaux solaires au Pays Basque en 2025 ? <\/span>\n\t\t\t\t\t\t\t<\/span>\n\t\t\t\t\t\t\t\t\t\t\t<span class=\"wpr-toggle-icon wpr-ti-close\"><i aria-hidden=\"true\" class=\"fas fa-plus\"><\/i><\/span>\n\t\t\t\t<span class=\"wpr-toggle-icon wpr-ti-open\"><i aria-hidden=\"true\" class=\"fas fa-minus\"><\/i><\/span>\n\t\t\t\t\t\t\t\t\t<\/button>\n\n\t\t\t\t\t\t<div class=\"wpr-acc-panel\">\n\t\t\t\t\t\t\t\t\t\t\t\t\t\t\t<div class=\"wpr-acc-panel-content\"><p>Presque plus, \u00e0 peine quelques centaines d'euros de primes \u00e0 l\u2019autoconsommation. La fonte du tarif de vente de surplus (4 cts\/kWh) incite \u00e9galement \u00e0 s\u2019\u00e9quiper de batteries pour ne pas perdre le surplus de production.<\/p><\/div>\n\t\t\t\t\t\t\t\t\t\t\t\t\t<\/div>\n                    <\/div>\n\n                            <\/div>\n        \t\t\t\t<\/div>\n\t\t\t\t<\/div>\n\t\t\t\t\t<\/div>\n\t\t<\/div>\n\t\t\t\t\t<\/div>\n\t\t<\/section>\n\t\t\t\t<\/div>\n\t\t","protected":false},"excerpt":{"rendered":"<p>Clarifier Autonomie et Autoconsommation Chez Adour Solaire, installateurs photovolta\u00efques bas\u00e9s au Pays Basque pr\u00e8s de Bayonne, nous recevons r\u00e9guli\u00e8rement la m\u00eame interrogation de la part de nos clients : \u00ab\u00a0Mon installation solaire me rendra-t-elle autonome en \u00e9lectricit\u00e9 ?\u00a0\u00bb Cette question est tout \u00e0 fait l\u00e9gitime, dans un contexte de hausses<\/p>\n","protected":false},"author":38,"featured_media":2278,"comment_status":"closed","ping_status":"open","sticky":false,"template":"","format":"standard","meta":{"footnotes":""},"categories":[1],"tags":[],"class_list":["post-2595","post","type-post","status-publish","format-standard","has-post-thumbnail","hentry","category-par-defaut"],"aioseo_notices":[],"_links":{"self":[{"href":"https:\/\/adoursolaire.fr\/nov-apijson\/wp\/v2\/posts\/2595","targetHints":{"allow":["GET"]}}],"collection":[{"href":"https:\/\/adoursolaire.fr\/nov-apijson\/wp\/v2\/posts"}],"about":[{"href":"https:\/\/adoursolaire.fr\/nov-apijson\/wp\/v2\/types\/post"}],"author":[{"embeddable":true,"href":"https:\/\/adoursolaire.fr\/nov-apijson\/wp\/v2\/users\/38"}],"replies":[{"embeddable":true,"href":"https:\/\/adoursolaire.fr\/nov-apijson\/wp\/v2\/comments?post=2595"}],"version-history":[{"count":13,"href":"https:\/\/adoursolaire.fr\/nov-apijson\/wp\/v2\/posts\/2595\/revisions"}],"predecessor-version":[{"id":2611,"href":"https:\/\/adoursolaire.fr\/nov-apijson\/wp\/v2\/posts\/2595\/revisions\/2611"}],"wp:featuredmedia":[{"embeddable":true,"href":"https:\/\/adoursolaire.fr\/nov-apijson\/wp\/v2\/media\/2278"}],"wp:attachment":[{"href":"https:\/\/adoursolaire.fr\/nov-apijson\/wp\/v2\/media?parent=2595"}],"wp:term":[{"taxonomy":"category","embeddable":true,"href":"https:\/\/adoursolaire.fr\/nov-apijson\/wp\/v2\/categories?post=2595"},{"taxonomy":"post_tag","embeddable":true,"href":"https:\/\/adoursolaire.fr\/nov-apijson\/wp\/v2\/tags?post=2595"}],"curies":[{"name":"wp","href":"https:\/\/api.w.org\/{rel}","templated":true}]}}